{"id":2701,"date":"2022-10-18T19:56:31","date_gmt":"2022-10-18T19:56:31","guid":{"rendered":"https:\/\/www.abrazivfeed.hu\/?p=2701"},"modified":"2022-10-19T09:13:21","modified_gmt":"2022-10-19T09:13:21","slug":"abraziv-ltd-in-the-hungarian-multi-program","status":"publish","type":"post","link":"http:\/\/www.abrazivfeed.hu\/hu\/hirek-takarmany\/abraziv-ltd-in-the-hungarian-multi-program\/","title":{"rendered":"Abraziv Kft. a Magyar Multi Programban"},"content":{"rendered":"<div data-elementor-type=\"wp-post\" data-elementor-id=\"2701\" class=\"elementor elementor-2701\" data-elementor-post-type=\"post\">\n\t\t\t\t\t\t<section class=\"elementor-section elementor-top-section elementor-element elementor-element-89d1b81 elementor-section-boxed elementor-section-height-default elementor-section-height-default\" data-id=\"89d1b81\" data-element_type=\"section\" data-settings=\"{&quot;jet_parallax_layout_list&quot;:[]}\">\n\t\t\t\t\t\t<div class=\"elementor-container elementor-column-gap-default\">\n\t\t\t\t\t<div class=\"elementor-column elementor-col-100 elementor-top-column elementor-element elementor-element-2e0887e\" data-id=\"2e0887e\" data-element_type=\"column\">\n\t\t\t<div class=\"elementor-widget-wrap elementor-element-populated\">\n\t\t\t\t\t\t<div class=\"elementor-element elementor-element-27f283a elementor-widget elementor-widget-image\" data-id=\"27f283a\" data-element_type=\"widget\" data-widget_type=\"image.default\">\n\t\t\t\t<div class=\"elementor-widget-container\">\n\t\t\t\t\t\t\t\t\t\t\t\t\t\t<a href=\"https:\/\/www.abrazivfeed.hu\/wp-content\/uploads\/2022\/10\/Zsolt_oklevelatadas_MTI_foto_Kovacs_Tamas_kepfelirattal-scaled.jpg\" data-elementor-open-lightbox=\"yes\" data-e-action-hash=\"#elementor-action%3Aaction%3Dlightbox%26settings%3DeyJpZCI6MjcwNCwidXJsIjoiaHR0cHM6XC9cL3d3dy5hYnJheml2ZmVlZC5odVwvd3AtY29udGVudFwvdXBsb2Fkc1wvMjAyMlwvMTBcL1pzb2x0X29rbGV2ZWxhdGFkYXNfTVRJX2ZvdG9fS292YWNzX1RhbWFzX2tlcGZlbGlyYXR0YWwtc2NhbGVkLmpwZyJ9\">\n\t\t\t\t\t\t\t<img fetchpriority=\"high\" decoding=\"async\" width=\"800\" height=\"587\" src=\"https:\/\/www.abrazivfeed.hu\/wp-content\/uploads\/2022\/10\/Zsolt_oklevelatadas_MTI_foto_Kovacs_Tamas_kepfelirattal-1024x751.jpg\" class=\"attachment-large size-large wp-image-2704\" alt=\"\" srcset=\"https:\/\/www.abrazivfeed.hu\/wp-content\/uploads\/2022\/10\/Zsolt_oklevelatadas_MTI_foto_Kovacs_Tamas_kepfelirattal-1024x751.jpg 1024w, https:\/\/www.abrazivfeed.hu\/wp-content\/uploads\/2022\/10\/Zsolt_oklevelatadas_MTI_foto_Kovacs_Tamas_kepfelirattal-300x220.jpg 300w, https:\/\/www.abrazivfeed.hu\/wp-content\/uploads\/2022\/10\/Zsolt_oklevelatadas_MTI_foto_Kovacs_Tamas_kepfelirattal-768x563.jpg 768w, https:\/\/www.abrazivfeed.hu\/wp-content\/uploads\/2022\/10\/Zsolt_oklevelatadas_MTI_foto_Kovacs_Tamas_kepfelirattal-1536x1127.jpg 1536w, https:\/\/www.abrazivfeed.hu\/wp-content\/uploads\/2022\/10\/Zsolt_oklevelatadas_MTI_foto_Kovacs_Tamas_kepfelirattal-2048x1503.jpg 2048w, https:\/\/www.abrazivfeed.hu\/wp-content\/uploads\/2022\/10\/Zsolt_oklevelatadas_MTI_foto_Kovacs_Tamas_kepfelirattal-16x12.jpg 16w\" sizes=\"(max-width: 800px) 100vw, 800px\" \/>\t\t\t\t\t\t\t\t<\/a>\n\t\t\t\t\t\t\t\t\t\t\t\t\t<\/div>\n\t\t\t\t<\/div>\n\t\t\t\t\t<\/div>\n\t\t<\/div>\n\t\t\t\t\t<\/div>\n\t\t<\/section>\n\t\t\t\t<section class=\"elementor-section elementor-top-section elementor-element elementor-element-8e39e04 elementor-section-boxed elementor-section-height-default elementor-section-height-default\" data-id=\"8e39e04\" data-element_type=\"section\" data-settings=\"{&quot;jet_parallax_layout_list&quot;:[]}\">\n\t\t\t\t\t\t<div class=\"elementor-container elementor-column-gap-default\">\n\t\t\t\t\t<div class=\"elementor-column elementor-col-100 elementor-top-column elementor-element elementor-element-218af18\" data-id=\"218af18\" data-element_type=\"column\">\n\t\t\t<div class=\"elementor-widget-wrap elementor-element-populated\">\n\t\t\t\t\t\t<div class=\"elementor-element elementor-element-79378a3 elementor-widget elementor-widget-text-editor\" data-id=\"79378a3\" data-element_type=\"widget\" data-widget_type=\"text-editor.default\">\n\t\t\t\t<div class=\"elementor-widget-container\">\n\t\t\t\t\t\t\t<p><span style=\"color: #313131;\">\u00a0<\/span><span style=\"color: var( --e-global-color-text ); font-family: var( --e-global-typography-text-font-family ), Sans-serif; font-weight: var( --e-global-typography-text-font-weight ); background-color: var( --e-global-color-c39792f ); font-size: 1rem;\">A Magyar Multi Program 2022 okt\u00f3beri oklev\u00e9l\u00e1tad\u00f3 \u00fcnneps\u00e9g\u00e9n Gy\u00f6rgy L\u00e1szl\u00f3, a Kultur\u00e1lis \u00e9s Innov\u00e1ci\u00f3s Miniszt\u00e9rium innov\u00e1ci\u00f3\u00e9rt \u00e9s fels\u0151oktat\u00e1s\u00e9rt felel\u0151s \u00e1llamtitk\u00e1ra oklev\u00e9lben r\u00e9szes\u00edtette az Abraziv Kft.-t, melyet Tur\u00e1k Zsolt \u00dcgyvezet\u0151 helyettes vett \u00e1t.<\/span><\/p><p><span style=\"color: var( --e-global-color-text ); font-family: var( --e-global-typography-text-font-family ), Sans-serif; font-weight: var( --e-global-typography-text-font-weight ); background-color: var( --e-global-color-c39792f ); font-size: 1rem;\">Under the IFKA&#8217;s Hungarian Multi-Program, 134 companies have received support worth a total of 65.8 billion HUF so far. The companies will use this subsidy for such investments and developments for capacity improvement, efficiency enhancement, and market expansion, which could lay the foundations for these SMEs to become regional or even global multinational companies in the long term.\u00a0<\/span><\/p><p><span style=\"color: var( --e-global-color-text ); font-family: var( --e-global-typography-text-font-family ), Sans-serif; font-weight: var( --e-global-typography-text-font-weight ); background-color: var( --e-global-color-c39792f ); font-size: 1rem;\">Az Abraziv Kft. a kapacit\u00e1sok \u00e9s a termel\u00e9kenys\u00e9g n\u00f6vel\u00e9s\u00e9hez a megl\u00e9v\u0151 ipari csarnokai mell\u00e9 egy \u00faj ipari csarnok fel\u00e9p\u00edt\u00e9s\u00e9t val\u00f3s\u00edtja meg a t\u00e1mogat\u00e1sb\u00f3l.<\/span><\/p>\t\t\t\t\t\t<\/div>\n\t\t\t\t<\/div>\n\t\t\t\t\t<\/div>\n\t\t<\/div>\n\t\t\t\t\t<\/div>\n\t\t<\/section>\n\t\t\t\t<\/div>","protected":false},"excerpt":{"rendered":"<p>A Magyar Multi Program 2022 okt\u00f3beri oklev\u00e9l\u00e1tad\u00f3 \u00fcnneps\u00e9g\u00e9n Gy\u00f6rgy L\u00e1szl\u00f3, a Kultur\u00e1lis \u00e9s Innov\u00e1ci\u00f3s Miniszt\u00e9rium innov\u00e1ci\u00f3\u00e9rt \u00e9s fels\u0151oktat\u00e1s\u00e9rt felel\u0151s \u00e1llamtitk\u00e1ra oklev\u00e9lben r\u00e9szes\u00edtette az Abraziv Kft.-t, melyet Tur\u00e1k Zsolt \u00dcgyvezet\u0151 helyettes vett \u00e1t.<\/p>","protected":false},"author":1,"featured_media":2704,"comment_status":"closed","ping_status":"closed","sticky":false,"template":"","format":"standard","meta":{"footnotes":""},"categories":[23],"tags":[],"_links":{"self":[{"href":"http:\/\/www.abrazivfeed.hu\/hu\/wp-json\/wp\/v2\/posts\/2701"}],"collection":[{"href":"http:\/\/www.abrazivfeed.hu\/hu\/wp-json\/wp\/v2\/posts"}],"about":[{"href":"http:\/\/www.abrazivfeed.hu\/hu\/wp-json\/wp\/v2\/types\/post"}],"author":[{"embeddable":true,"href":"http:\/\/www.abrazivfeed.hu\/hu\/wp-json\/wp\/v2\/users\/1"}],"replies":[{"embeddable":true,"href":"http:\/\/www.abrazivfeed.hu\/hu\/wp-json\/wp\/v2\/comments?post=2701"}],"version-history":[{"count":28,"href":"http:\/\/www.abrazivfeed.hu\/hu\/wp-json\/wp\/v2\/posts\/2701\/revisions"}],"predecessor-version":[{"id":2732,"href":"http:\/\/www.abrazivfeed.hu\/hu\/wp-json\/wp\/v2\/posts\/2701\/revisions\/2732"}],"wp:featuredmedia":[{"embeddable":true,"href":"http:\/\/www.abrazivfeed.hu\/hu\/wp-json\/wp\/v2\/media\/2704"}],"wp:attachment":[{"href":"http:\/\/www.abrazivfeed.hu\/hu\/wp-json\/wp\/v2\/media?parent=2701"}],"wp:term":[{"taxonomy":"category","embeddable":true,"href":"http:\/\/www.abrazivfeed.hu\/hu\/wp-json\/wp\/v2\/categories?post=2701"},{"taxonomy":"post_tag","embeddable":true,"href":"http:\/\/www.abrazivfeed.hu\/hu\/wp-json\/wp\/v2\/tags?post=2701"}],"curies":[{"name":"wp","href":"https:\/\/api.w.org\/{rel}","templated":true}]}}